{"id":225,"date":"2015-07-15T17:29:57","date_gmt":"2015-07-15T21:29:57","guid":{"rendered":"http:\/\/35.156.82.69\/?p=225"},"modified":"2019-10-22T10:58:22","modified_gmt":"2019-10-22T08:58:22","slug":"mifid-rules-to-change","status":"publish","type":"post","link":"https:\/\/www.deri.hu\/hu\/blog\/2015\/07\/15\/mifid-rules-to-change\/","title":{"rendered":"A MIFID szab\u00e1lyoz\u00e1s v\u00e1ltoz\u00e1sa"},"content":{"rendered":"<p>Az \u00fan.MIFID II Eur\u00f3pai \u00dani\u00f3s Tan\u00e1csi rendelet sz\u00f6vegtervezet\u00e9nek nyilv\u00e1noss\u00e1gra hozatal\u00e1t k\u00f6vet\u0151en az ESMA \u00edg\u00e9rete szerint szeptemberben kiadja az \u00fan. Technikai Standardeket \u00e9s n\u00e9h\u00e1ny fontos alap defin\u00edci\u00f3 \u00faj sz\u00f6vegez\u00e9s\u00e9t is megosztja a p\u00e9nz\u00fcgyi ipar\u00e1g szerepl\u0151ivel, akik m\u00e1r eddig is rendk\u00ed\u00adv\u00fcl kritikusan komment\u00e1lt\u00e1k a lass\u00fa \u00e9s t\u00fals\u00e1gosan apr\u00f3l\u00e9koss\u00e1 v\u00e1l\u00f3 szab\u00e1lyoz\u00e1si folyamatot.<\/p>\n<p>A kritikus hozz\u00e1\u00e1ll\u00e1s ellen\u00e9re azonban beindult a compliance el\u0151k\u00e9sz\u00c3\u00edt\u0151 munka az ipar\u00e1gban \u00e9s mind az IT, mind az \u00fczleti folyamatok ter\u00e9n \u00e1ttekintik a v\u00e1ltoztatand\u00f3 ter\u00fcleteket. Az IT v\u00e1ltoztat\u00e1sok jelent\u0151snek t\u0171nnek \u00e9s sok p\u00e9nzt is felem\u00e9sztenek majd. Anglia k\u00f6nnyebb helyzetben van, mint a kontinens, mert ott a helyi szab\u00e1lyoz\u00e1s sok tekintetben a MIFID II el\u00e9be ment. Persze London, mint a vil\u00e1g egyik legfontosabb \u00e9s legzs\u00fafoltabb p\u00e9nz\u00fcgyi k\u00f6zpontja z\u00f6kken\u0151mentes \u00e1tmenetet akar az \u00faj Rendelet tervezett hat\u00e1lyba l\u00e9p\u00e9sekor, 2017. elej\u00e9n. Az angol p\u00e9nz\u00fcgyi fel\u00fcgyelet, az FCA m\u00e1r most biztos\u00edtotta az angol p\u00e9nz\u00fcgyi szolg\u00e1ltat\u00f3kat, int\u00e9zm\u00e9nyeket, hogy compliance k\u00e9rd\u00e9s\u00e9ben mindenk\u00e9ppen b\u00edrs\u00e1gol\u00e1si t\u00fcrelmet fog tan\u00fas\u00edtani, k\u00fcl\u00f6n\u00f6sen a kisebb szolg\u00e1ltat\u00f3kkal szemben, akiknek nagy kih\u00edv\u00e1st jelent a n\u00f6vekv\u0151 adminisztr\u00e1ci\u00f3s teher.<\/p>\n<p>Az egyre b\u00fcrokratikusabb m\u0171k\u00f6d\u00e9si k\u00f6rnyezet val\u00f3j\u00e1ban a nagy k\u00f6zpontoknak kedvez, akik mind anyagi, mind szakember szempontb\u00f3l b\u00edrj\u00e1k a terhel\u00e9st \u00e9s a perif\u00e9ri\u00e1kon fogja a legt\u00f6bb f\u00e1jdalmat okozni, \u00edgy Magyarorsz\u00e1gon is, ahol nem lesz \u00e9rdemes megfelelni az \u00faj szab\u00e1lyoknak, mert a compliance k\u00f6lts\u00e9gek nem \u00e1ll\u00edthat\u00f3k elfogadhat\u00f3 ar\u00e1nyba a v\u00e1rhat\u00f3 \u00fcgyforgalommal. Ez a k\u00fclf\u00f6ldi \u00e9rdekelts\u00e9geket arra fogja k\u00e9nyszer\u00edteni, hogy fi\u00f3kos\u00edtsanak (akik eddig m\u00e9g nem tett\u00e9k meg), a magyar szerepl\u0151ket pedig v\u00e1lasz\u00fat el\u00e9 \u00e1ll\u00edtja, hiszen bizonyos \u00fcgyleteket nem lesz nekik \u00e9rdemes folytatni a j\u00f6v\u0151ben.<\/p>\n<p>Az \u00dani\u00f3 tapinthat\u00f3an nem a fragment\u00e1lt piacokat r\u00e9szes\u00edti el\u0151nyben, hanem a nagy k\u00f6zpontokat, Londont, Frankfurtot, P\u00e1rizst, akik v\u00e9glegesen el fogj\u00e1k sz\u00edvni a legkock\u00e1zatosabb befektet\u00e9si eszk\u00f6z\u00f6k keresked\u00e9s\u00e9t a perif\u00e9ri\u00e1kt\u00f3l (pl. derivat\u00edv \u00fcgyletek).<\/p>\n<p>2015. J\u00falius<\/p>\n","protected":false},"excerpt":{"rendered":"<p>Az \u00fan.MIFID II Eur\u00f3pai \u00dani\u00f3s Tan\u00e1csi rendelet sz\u00f6vegtervezet\u00e9nek nyilv\u00e1noss\u00e1gra hozatal\u00e1t k\u00f6vet\u0151en az ESMA \u00edg\u00e9rete szerint szeptemberben kiadja az \u00fan. Technikai Standardeket \u00e9s n\u00e9h\u00e1ny fontos alap defin\u00edci\u00f3 \u00faj sz\u00f6vegez\u00e9s\u00e9t is megosztja a p\u00e9nz\u00fcgyi ipar\u00e1g szerepl\u0151ivel, akik m\u00e1r eddig is rendk\u00ed\u00adv\u00fcl kritikusan komment\u00e1lt\u00e1k a lass\u00fa \u00e9s t\u00fals\u00e1gosan apr\u00f3l\u00e9koss\u00e1 v\u00e1l\u00f3 szab\u00e1lyoz\u00e1si folyamatot. A kritikus hozz\u00e1\u00e1ll\u00e1s ellen\u00e9re azonban beindult [&hellip;]<\/p>\n","protected":false},"author":1,"featured_media":0,"comment_status":"closed","ping_status":"closed","sticky":false,"template":"","format":"standard","meta":{"footnotes":""},"categories":[1],"tags":[],"class_list":["post-225","post","type-post","status-publish","format-standard","hentry","category-compliance"],"translation":{"provider":"WPGlobus","version":"3.0.2","language":"hu","enabled_languages":["en","hu"],"languages":{"en":{"title":true,"content":false,"excerpt":false},"hu":{"title":true,"content":true,"excerpt":false}}},"_links":{"self":[{"href":"https:\/\/www.deri.hu\/hu\/wp-json\/wp\/v2\/posts\/225","targetHints":{"allow":["GET"]}}],"collection":[{"href":"https:\/\/www.deri.hu\/hu\/wp-json\/wp\/v2\/posts"}],"about":[{"href":"https:\/\/www.deri.hu\/hu\/wp-json\/wp\/v2\/types\/post"}],"author":[{"embeddable":true,"href":"https:\/\/www.deri.hu\/hu\/wp-json\/wp\/v2\/users\/1"}],"replies":[{"embeddable":true,"href":"https:\/\/www.deri.hu\/hu\/wp-json\/wp\/v2\/comments?post=225"}],"version-history":[{"count":6,"href":"https:\/\/www.deri.hu\/hu\/wp-json\/wp\/v2\/posts\/225\/revisions"}],"predecessor-version":[{"id":466,"href":"https:\/\/www.deri.hu\/hu\/wp-json\/wp\/v2\/posts\/225\/revisions\/466"}],"wp:attachment":[{"href":"https:\/\/www.deri.hu\/hu\/wp-json\/wp\/v2\/media?parent=225"}],"wp:term":[{"taxonomy":"category","embeddable":true,"href":"https:\/\/www.deri.hu\/hu\/wp-json\/wp\/v2\/categories?post=225"},{"taxonomy":"post_tag","embeddable":true,"href":"https:\/\/www.deri.hu\/hu\/wp-json\/wp\/v2\/tags?post=225"}],"curies":[{"name":"wp","href":"https:\/\/api.w.org\/{rel}","templated":true}]}}